{"content":"<div class=\"row inline-row\">\n                <div class=\"col-md-6 col-xs-12 inline-col feed-item\">\n            <div class=\"clearfix\">\n            <div class=\"img \">\n            <a target=\"blank\" href=\"https:\/\/www.digitalhungary.hu\/e-volution\/Kamarai-rendezvenysorozat-segiti-a-vallalkozasok-kiberbiztonsagi-felkeszuleset\/29373\/\" title=\"Kamarai rendezv\u00e9nysorozat seg\u00edti a v\u00e1llalkoz\u00e1sok kiberbiztons\u00e1gi felk\u00e9sz\u00fcl\u00e9s\u00e9t\" tabindex=\"-1\" aria-hidden=\"true\">\n                <img class=\"img-responsive img-center\" src=\"\/uploads\/feed_items\/small-summer-1920x1200-1758282516923.jpg\" alt=\"Kamarai rendezv\u00e9nysorozat seg\u00edti a v\u00e1llalkoz\u00e1sok kiberbiztons\u00e1gi felk\u00e9sz\u00fcl\u00e9s\u00e9t\">\n            <\/a>\n        <\/div>\n        <div class=\"col-xs-7 info\">\n        <div class=\"title\" role=\"heading\" aria-level=\"4\"><a target=\"blank\" href=\"https:\/\/www.digitalhungary.hu\/e-volution\/Kamarai-rendezvenysorozat-segiti-a-vallalkozasok-kiberbiztonsagi-felkeszuleset\/29373\/\">Kamarai rendezv\u00e9nysorozat seg\u00edti a v\u00e1llalkoz\u00e1sok kiberbiztons\u00e1gi felk\u00e9sz\u00fcl\u00e9s\u00e9t<\/a><\/div>\n                    <ul class=\"categories\">\n                                    <li><a style=\"background: #8dc63f; color: #ffffff\" href=\"https:\/\/kiberbiztonsag.mkik.hu\/hirek\/nis2-hirek\" aria-label=\"NIS2 h\u00edrek kateg\u00f3ri\u00e1k megnyit\u00e1sa\">NIS2 h\u00edrek<\/a><\/li>\n                                    <li><a style=\"background: #8dc63f; color: #ffffff\" href=\"https:\/\/kiberbiztonsag.mkik.hu\/hirek\/securebot-hirek\" aria-label=\"SecureBot h\u00edrek kateg\u00f3ri\u00e1k megnyit\u00e1sa\">SecureBot h\u00edrek<\/a><\/li>\n                                <li><span class=\"public-at\">2025. szeptember 19.<\/span><\/li>\n            <\/ul>\n                <div class=\"desc\">Elindult a t\u00edz alkalmas orsz\u00e1gos \u201eKiberbiztons\u00e1gi v\u00e9d\u0151h\u00e1l\u00f3 a kkv-szektor sz\u00e1m\u00e1ra\u201d c\u00edm\u0171 rendezv\u00e9nysorozat. A program c\u00e9lja a NIS2 auditra val\u00f3 felk\u00e9sz\u00edt\u00e9s egy workshop keret\u00e9ben a Magyar Kereskedelmi \u00e9s Iparkamara a V\u00e1llalkoz\u00e1sfejleszt\u00e9si Programja<\/div>\n    <\/div>\n<\/div>        <\/div>\n            <div class=\"col-md-6 col-xs-12 inline-col feed-item\">\n            <div class=\"clearfix\">\n            <div class=\"img \">\n            <a target=\"blank\" href=\"https:\/\/www.facebook.com\/reel\/3738988743061656\" title=\"NIS2 a gyakorlatban\" tabindex=\"-1\" aria-hidden=\"true\">\n                <img class=\"img-responsive img-center\" src=\"\/uploads\/feed_items\/small-teawdxf-imgur-17575235917337.jpg\" alt=\"NIS2 a gyakorlatban\">\n            <\/a>\n        <\/div>\n        <div class=\"col-xs-7 info\">\n        <div class=\"title\" role=\"heading\" aria-level=\"4\"><a target=\"blank\" href=\"https:\/\/www.facebook.com\/reel\/3738988743061656\">NIS2 a gyakorlatban<\/a><\/div>\n                    <ul class=\"categories\">\n                                    <li><a style=\"background: #8dc63f; color: #ffffff\" href=\"https:\/\/kiberbiztonsag.mkik.hu\/hirek\/vallalkozasfejlesztesi-projekt\" aria-label=\"V\u00e1llalkoz\u00e1sfejleszt\u00e9si Projekt kateg\u00f3ri\u00e1k megnyit\u00e1sa\">V\u00e1llalkoz\u00e1sfejleszt\u00e9si Projekt<\/a><\/li>\n                                <li><span class=\"public-at\">2025. szeptember 10.<\/span><\/li>\n            <\/ul>\n                <div class=\"desc\">Cs\u00f3kay \u00c1kos, az MKIK f\u0151titk\u00e1ra a \u201eNIS2 a gyakorlatban\u201d kerekasztal-besz\u00e9lget\u00e9s ut\u00e1n kifejtette, mi\u00e9rt van sz\u00fcks\u00e9g a NIS2-re!<\/div>\n    <\/div>\n<\/div>        <\/div>\n    <\/div>\n\n<ul class=\"pagination text-center\">\n                    <li class=\"left\"><a aria-label=\"El\u0151z\u0151\" href=\"https:\/\/kiberbiztonsag.mkik.hu\/api\/feeds\/page?page=1\" rel=\"nofollow\"><i aria-hidden=\"true\" class=\"icon icon-arrow-flat-left\"><\/i><\/a><\/li>\n        \n                    \n                                                                        <li><a href=\"https:\/\/kiberbiztonsag.mkik.hu\/api\/feeds\/page?page=1\" rel=\"nofollow\" aria-label=\"1. oldal bet\u00f6lt\u00e9se\">01<\/a><\/li>\n                                                                                <li class=\"active\"><span>02<\/span><\/li>\n                                                        \n                    <li aria-label=\"K\u00f6vetkez\u0151\" aria-disabled=\"true\" class=\"right disabled\"><span><i aria-hidden=\"true\" class=\"icon icon-arrow-flat-right\"><\/i><\/span><\/li>\n            <\/ul>\n\n","page":"2"}